{"id":1289,"date":"2022-03-20T12:17:34","date_gmt":"2022-03-20T11:17:34","guid":{"rendered":"http:\/\/cawoliege.be\/?p=1289"},"modified":"2022-03-20T12:18:13","modified_gmt":"2022-03-20T11:18:13","slug":"expo-internationale-strasbourg","status":"publish","type":"post","link":"https:\/\/cawoliege.be\/index.php\/2022\/03\/20\/expo-internationale-strasbourg\/","title":{"rendered":"Expo Internationale Strasbourg"},"content":{"rendered":"\n<figure class=\"wp-block-image\"><img decoding=\"async\" src=\"http:\/\/cawoliege.be\/wp-content\/uploads\/2022\/03\/Strasbourg-683x1024.jpg\" alt=\"\" class=\"wp-image-1290\"\/><\/figure>\n\n\n\n<p>L&rsquo;Association R\u00e9gionale des Orchidophiles de Strasbourg, AROS, regroupe des amateurs passionn\u00e9s de ces plantes \u00e9tranges et myst\u00e9rieuses que sont les orchid\u00e9es. Le but de cette association est de faire partager la connaissance des orchid\u00e9es sauvages de nos r\u00e9gions et des esp\u00e8ces exotiques, ainsi que leur respect dans les milieux naturels.<br> <br>L&rsquo;AROS organise sa 14e <strong>exposition internationale d&rsquo;orchid\u00e9es<\/strong> du<strong> 25 au 28 mars 2022 \u00e0 Strasbourg<\/strong>, dans le parc de l&rsquo;Orangerie au&nbsp;<em>Pavillon Jos\u00e9phine (avenue de l&rsquo;Europe).<\/em> <br> <em>Au programme de cette expo :<\/em> <br><\/p>\n\n\n\n<ul><li><em>La d\u00e9couverte de magnifiques orchid\u00e9es \u00e9piphytes ou terrestres<\/em><\/li><li><em>La sc\u00e9nographie pr\u00e9par\u00e9e pour ces 4 jours<\/em><\/li><li><em>Des conf\u00e9rences<\/em><\/li><li><em>Un espace de d\u00e9couvertes et d\u2019observations scientifiques pour s\u2019initier aux myst\u00e8res de la culture in vitro<\/em><\/li><li><em>Des ateliers de conseils en soins et rempotage&nbsp;<\/em><\/li><li><em>Des jeux pour les plus jeunes<\/em><\/li><li><em>Et bien plus encore&#8230;<\/em><\/li><\/ul>\n\n\n\n<p>Pour toutes informations compl\u00e9mentaires ou prise de RV pour une visite personnalis\u00e9e&#8230;&nbsp; Vous pouvez contacter la pr\u00e9sidente de l&rsquo;association, Madame Fran\u00e7oise Jaehn, au 06 09 13 69 10 <\/p>\n\n\n\n<p>Ou consulter le <a rel=\"noreferrer noopener\" href=\"http:\/\/aros.asso.fr\/web\/home.php\" target=\"_blank\">site Internet<\/a>&nbsp;avec les actus \u00e0 jour li\u00e9es \u00e0 l&rsquo;expo, ou la <a rel=\"noreferrer noopener\" href=\"https:\/\/www.facebook.com\/Association-des-Orchidophiles-de-Strasbourg-AROS-992736720814580\/\" target=\"_blank\">page facebook<\/a>.<\/p>\n","protected":false},"excerpt":{"rendered":"<p>L&rsquo;Association R\u00e9gionale des Orchidophiles de Strasbourg, AROS, regroupe des amateurs passionn\u00e9s de ces plantes \u00e9tranges et myst\u00e9rieuses que sont les orchid\u00e9es. Le but de cette association est de faire partager la connaissance des orchid\u00e9es sauvages de nos r\u00e9gions et des esp\u00e8ces exotiques, ainsi que leur respect dans les milieux naturels. L&rsquo;AROS organise sa 14e exposition [&hellip;]<\/p>\n","protected":false},"author":1,"featured_media":0,"comment_status":"open","ping_status":"open","sticky":false,"template":"","format":"standard","meta":{"ngg_post_thumbnail":0,"footnotes":""},"categories":[5],"tags":[],"_links":{"self":[{"href":"https:\/\/cawoliege.be\/index.php\/wp-json\/wp\/v2\/posts\/1289"}],"collection":[{"href":"https:\/\/cawoliege.be\/index.php\/wp-json\/wp\/v2\/posts"}],"about":[{"href":"https:\/\/cawoliege.be\/index.php\/wp-json\/wp\/v2\/types\/post"}],"author":[{"embeddable":true,"href":"https:\/\/cawoliege.be\/index.php\/wp-json\/wp\/v2\/users\/1"}],"replies":[{"embeddable":true,"href":"https:\/\/cawoliege.be\/index.php\/wp-json\/wp\/v2\/comments?post=1289"}],"version-history":[{"count":2,"href":"https:\/\/cawoliege.be\/index.php\/wp-json\/wp\/v2\/posts\/1289\/revisions"}],"predecessor-version":[{"id":1294,"href":"https:\/\/cawoliege.be\/index.php\/wp-json\/wp\/v2\/posts\/1289\/revisions\/1294"}],"wp:attachment":[{"href":"https:\/\/cawoliege.be\/index.php\/wp-json\/wp\/v2\/media?parent=1289"}],"wp:term":[{"taxonomy":"category","embeddable":true,"href":"https:\/\/cawoliege.be\/index.php\/wp-json\/wp\/v2\/categories?post=1289"},{"taxonomy":"post_tag","embeddable":true,"href":"https:\/\/cawoliege.be\/index.php\/wp-json\/wp\/v2\/tags?post=1289"}],"curies":[{"name":"wp","href":"https:\/\/api.w.org\/{rel}","templated":true}]}}